{"id":1,"date":"2022-12-20T17:42:47","date_gmt":"2022-12-20T16:42:47","guid":{"rendered":"https:\/\/iso.spdns.de\/?p=1"},"modified":"2023-12-05T20:18:49","modified_gmt":"2023-12-05T19:18:49","slug":"hallo-welt","status":"publish","type":"post","link":"https:\/\/iso.spdns.de\/?p=1","title":{"rendered":"Projekt &#8222;Garage&#8220;"},"content":{"rendered":"\n<p>Nach dem Dach ist nun der Keller an der Reihe. Die alte Garage stand dort ganz oben auf der Liste der zu renovierenden R\u00e4ume.<\/p>\n\n\n<figure class=\"wp-block-post-featured-image\"><img loading=\"lazy\" decoding=\"async\" width=\"1488\" height=\"1984\" src=\"https:\/\/iso.spdns.de\/wp-content\/uploads\/2022\/12\/IMG-20220720-WA0001.jpg\" class=\"attachment-post-thumbnail size-post-thumbnail wp-post-image\" alt=\"\" style=\"object-fit:cover;\" srcset=\"https:\/\/iso.spdns.de\/wp-content\/uploads\/2022\/12\/IMG-20220720-WA0001.jpg 1488w, https:\/\/iso.spdns.de\/wp-content\/uploads\/2022\/12\/IMG-20220720-WA0001-225x300.jpg 225w, https:\/\/iso.spdns.de\/wp-content\/uploads\/2022\/12\/IMG-20220720-WA0001-768x1024.jpg 768w, https:\/\/iso.spdns.de\/wp-content\/uploads\/2022\/12\/IMG-20220720-WA0001-1152x1536.jpg 1152w\" sizes=\"auto, (max-width: 1488px) 100vw, 1488px\" \/><\/figure>\n\n\n<p>Das alte Garagentor lie\u00df sich nur noch mit gro\u00dfer M\u00fche \u00f6ffnen und schlie\u00dfen und da die Garage f\u00fcr moderne Autos viel zu klein ist, haben wir nach einiger \u00dcberlegung beschlossen, das alte Tor durch ein Fenster-T\u00fcrelement zu ersetzen.<\/p>\n\n\n\n<figure class=\"wp-block-image size-large\"><img loading=\"lazy\" decoding=\"async\" width=\"768\" height=\"1024\" src=\"https:\/\/iso.spdns.de\/wp-content\/uploads\/2022\/12\/IMG_20220720_131257-768x1024.jpg\" alt=\"\" class=\"wp-image-47\" srcset=\"https:\/\/iso.spdns.de\/wp-content\/uploads\/2022\/12\/IMG_20220720_131257-768x1024.jpg 768w, https:\/\/iso.spdns.de\/wp-content\/uploads\/2022\/12\/IMG_20220720_131257-225x300.jpg 225w, https:\/\/iso.spdns.de\/wp-content\/uploads\/2022\/12\/IMG_20220720_131257-1152x1536.jpg 1152w, https:\/\/iso.spdns.de\/wp-content\/uploads\/2022\/12\/IMG_20220720_131257-1536x2048.jpg 1536w, https:\/\/iso.spdns.de\/wp-content\/uploads\/2022\/12\/IMG_20220720_131257-scaled.jpg 1920w\" sizes=\"auto, (max-width: 768px) 100vw, 768px\" \/><\/figure>\n\n\n\n<p>Dadurch erhielt der Raum einen v\u00f6llig anderen Charakter und der Raum hat enorm gewonnen. Frisch wei\u00df gestrichen und mit einem OSB-Holzboden haben wir pl\u00f6tzlich einen neuen Raum, der zum Werkeln geradezu einl\u00e4dt.<\/p>\n\n\n\n<figure class=\"wp-block-image size-large\"><img loading=\"lazy\" decoding=\"async\" width=\"1024\" height=\"576\" src=\"https:\/\/iso.spdns.de\/wp-content\/uploads\/2022\/12\/IMG-20221122-WA0008-1024x576.jpg\" alt=\"\" class=\"wp-image-36\" srcset=\"https:\/\/iso.spdns.de\/wp-content\/uploads\/2022\/12\/IMG-20221122-WA0008-1024x576.jpg 1024w, https:\/\/iso.spdns.de\/wp-content\/uploads\/2022\/12\/IMG-20221122-WA0008-300x169.jpg 300w, https:\/\/iso.spdns.de\/wp-content\/uploads\/2022\/12\/IMG-20221122-WA0008-768x432.jpg 768w, https:\/\/iso.spdns.de\/wp-content\/uploads\/2022\/12\/IMG-20221122-WA0008-1536x864.jpg 1536w, https:\/\/iso.spdns.de\/wp-content\/uploads\/2022\/12\/IMG-20221122-WA0008.jpg 1920w\" sizes=\"auto, (max-width: 1024px) 100vw, 1024px\" \/><\/figure>\n\n\n\n<p>Neu verputzt, dann gestrichen und OSB-Platten belegt.<\/p>\n\n\n\n<figure class=\"wp-block-image size-large\"><img loading=\"lazy\" decoding=\"async\" width=\"1024\" height=\"576\" src=\"https:\/\/iso.spdns.de\/wp-content\/uploads\/2022\/12\/IMG-20221129-WA0009-1-1024x576.jpg\" alt=\"\" class=\"wp-image-40\" srcset=\"https:\/\/iso.spdns.de\/wp-content\/uploads\/2022\/12\/IMG-20221129-WA0009-1-1024x576.jpg 1024w, https:\/\/iso.spdns.de\/wp-content\/uploads\/2022\/12\/IMG-20221129-WA0009-1-300x169.jpg 300w, https:\/\/iso.spdns.de\/wp-content\/uploads\/2022\/12\/IMG-20221129-WA0009-1-768x432.jpg 768w, https:\/\/iso.spdns.de\/wp-content\/uploads\/2022\/12\/IMG-20221129-WA0009-1-1536x864.jpg 1536w, https:\/\/iso.spdns.de\/wp-content\/uploads\/2022\/12\/IMG-20221129-WA0009-1.jpg 1920w\" sizes=\"auto, (max-width: 1024px) 100vw, 1024px\" \/><\/figure>\n\n\n\n<p>Und auch eine Elektroinstllation, die wir aufputz haben verlegen lassen, war n\u00f6tig, da das in der alten Garage nicht vorhanden war.<\/p>\n\n\n\n<p>Damit der Boden schmutzabweisend wurde, haben wir ihn mit 2 Schichten farblosem OSB-Lack versiegelt.<\/p>\n\n\n\n<figure class=\"wp-block-image size-large\"><img loading=\"lazy\" decoding=\"async\" width=\"1024\" height=\"576\" src=\"https:\/\/iso.spdns.de\/wp-content\/uploads\/2022\/12\/IMG-20221208-WA0001-1024x576.jpg\" alt=\"\" class=\"wp-image-41\" srcset=\"https:\/\/iso.spdns.de\/wp-content\/uploads\/2022\/12\/IMG-20221208-WA0001-1024x576.jpg 1024w, https:\/\/iso.spdns.de\/wp-content\/uploads\/2022\/12\/IMG-20221208-WA0001-300x169.jpg 300w, https:\/\/iso.spdns.de\/wp-content\/uploads\/2022\/12\/IMG-20221208-WA0001-768x432.jpg 768w, https:\/\/iso.spdns.de\/wp-content\/uploads\/2022\/12\/IMG-20221208-WA0001-1536x864.jpg 1536w, https:\/\/iso.spdns.de\/wp-content\/uploads\/2022\/12\/IMG-20221208-WA0001.jpg 1920w\" sizes=\"auto, (max-width: 1024px) 100vw, 1024px\" \/><\/figure>\n\n\n\n<p>Das Ergebnis hat uns sehr gefreut und M\u00f6bel f\u00fcr den &#8222;neuen&#8220; Raum zu finden war nicht schwer.<\/p>\n\n\n\n<figure class=\"wp-block-image size-large\"><img loading=\"lazy\" decoding=\"async\" width=\"1024\" height=\"768\" src=\"https:\/\/iso.spdns.de\/wp-content\/uploads\/2022\/12\/IMG_20221210_182346-1024x768.jpg\" alt=\"\" class=\"wp-image-52\" srcset=\"https:\/\/iso.spdns.de\/wp-content\/uploads\/2022\/12\/IMG_20221210_182346-1024x768.jpg 1024w, https:\/\/iso.spdns.de\/wp-content\/uploads\/2022\/12\/IMG_20221210_182346-300x225.jpg 300w, https:\/\/iso.spdns.de\/wp-content\/uploads\/2022\/12\/IMG_20221210_182346-768x576.jpg 768w, https:\/\/iso.spdns.de\/wp-content\/uploads\/2022\/12\/IMG_20221210_182346-1536x1152.jpg 1536w, https:\/\/iso.spdns.de\/wp-content\/uploads\/2022\/12\/IMG_20221210_182346-2048x1536.jpg 2048w\" sizes=\"auto, (max-width: 1024px) 100vw, 1024px\" \/><\/figure>\n","protected":false},"excerpt":{"rendered":"<p>Nach dem Dach ist nun der Keller an der Reihe. Die alte Garage stand dort ganz oben auf der Liste der zu renovierenden R\u00e4ume. Das alte Garagentor lie\u00df sich nur noch mit gro\u00dfer M\u00fche \u00f6ffnen und schlie\u00dfen und da die Garage f\u00fcr moderne Autos viel zu klein ist, haben wir [&#8230;]<\/p>\n","protected":false},"author":1,"featured_media":18,"comment_status":"closed","ping_status":"open","sticky":false,"template":"","format":"standard","meta":{"footnotes":""},"categories":[11,9],"tags":[],"class_list":["post-1","post","type-post","status-publish","format-standard","has-post-thumbnail","hentry","category-familie","category-goettingen"],"_links":{"self":[{"href":"https:\/\/iso.spdns.de\/index.php?rest_route=\/wp\/v2\/posts\/1","targetHints":{"allow":["GET"]}}],"collection":[{"href":"https:\/\/iso.spdns.de\/index.php?rest_route=\/wp\/v2\/posts"}],"about":[{"href":"https:\/\/iso.spdns.de\/index.php?rest_route=\/wp\/v2\/types\/post"}],"author":[{"embeddable":true,"href":"https:\/\/iso.spdns.de\/index.php?rest_route=\/wp\/v2\/users\/1"}],"replies":[{"embeddable":true,"href":"https:\/\/iso.spdns.de\/index.php?rest_route=%2Fwp%2Fv2%2Fcomments&post=1"}],"version-history":[{"count":9,"href":"https:\/\/iso.spdns.de\/index.php?rest_route=\/wp\/v2\/posts\/1\/revisions"}],"predecessor-version":[{"id":970,"href":"https:\/\/iso.spdns.de\/index.php?rest_route=\/wp\/v2\/posts\/1\/revisions\/970"}],"wp:featuredmedia":[{"embeddable":true,"href":"https:\/\/iso.spdns.de\/index.php?rest_route=\/wp\/v2\/media\/18"}],"wp:attachment":[{"href":"https:\/\/iso.spdns.de\/index.php?rest_route=%2Fwp%2Fv2%2Fmedia&parent=1"}],"wp:term":[{"taxonomy":"category","embeddable":true,"href":"https:\/\/iso.spdns.de\/index.php?rest_route=%2Fwp%2Fv2%2Fcategories&post=1"},{"taxonomy":"post_tag","embeddable":true,"href":"https:\/\/iso.spdns.de\/index.php?rest_route=%2Fwp%2Fv2%2Ftags&post=1"}],"curies":[{"name":"wp","href":"https:\/\/api.w.org\/{rel}","templated":true}]}}