{"id":1016,"date":"2023-09-20T08:42:25","date_gmt":"2023-09-20T06:42:25","guid":{"rendered":"https:\/\/iso.spdns.de\/?p=1016"},"modified":"2024-02-09T23:37:19","modified_gmt":"2024-02-09T22:37:19","slug":"neues-dach-und-neuer-anstrich-so-aenderte-sich-das-haus-in-2018","status":"publish","type":"post","link":"https:\/\/iso.spdns.de\/?p=1016","title":{"rendered":"Neues Dach und neuer Anstrich &#8211; So \u00e4nderte sich das Haus in 2018"},"content":{"rendered":"\n<p>Das Haus in der Fritz-Reuter-Stra\u00dfe 19 wurde von uns vor dem Einzug 1999 renoviert, aber von au\u00dfen nicht ver\u00e4ndert.<\/p>\n\n\n\n<figure class=\"wp-block-image size-full\"><img loading=\"lazy\" decoding=\"async\" width=\"640\" height=\"594\" src=\"https:\/\/iso.spdns.de\/wp-content\/uploads\/2023\/09\/Haus_alteFront.jpg\" alt=\"\" class=\"wp-image-1017\" srcset=\"https:\/\/iso.spdns.de\/wp-content\/uploads\/2023\/09\/Haus_alteFront.jpg 640w, https:\/\/iso.spdns.de\/wp-content\/uploads\/2023\/09\/Haus_alteFront-300x278.jpg 300w\" sizes=\"auto, (max-width: 640px) 100vw, 640px\" \/><\/figure>\n\n\n\n<p>Dach und Dachgauben waren 2018 in keinem guten Zustand mehr und insbesondere die Isolierung im Dachgescho\u00df machte das Heizen im Winter sehr schwierig, weil der Wind durch das Dach pfiff.<\/p>\n\n\n\n<figure class=\"wp-block-image size-full\"><img loading=\"lazy\" decoding=\"async\" width=\"680\" height=\"594\" src=\"https:\/\/iso.spdns.de\/wp-content\/uploads\/2023\/09\/Haus_alt.jpg\" alt=\"\" class=\"wp-image-1018\" srcset=\"https:\/\/iso.spdns.de\/wp-content\/uploads\/2023\/09\/Haus_alt.jpg 680w, https:\/\/iso.spdns.de\/wp-content\/uploads\/2023\/09\/Haus_alt-300x262.jpg 300w\" sizes=\"auto, (max-width: 680px) 100vw, 680px\" \/><\/figure>\n\n\n\n<p>Auch die Dachterrasse, die besonders gut vom Grundst\u00fcck der Familie Reimann aus zu sehen ist, wurde langsam undicht und bedurfte einer Erneuerung.<\/p>\n\n\n\n<figure class=\"wp-block-image size-full\"><img loading=\"lazy\" decoding=\"async\" width=\"792\" height=\"531\" src=\"https:\/\/iso.spdns.de\/wp-content\/uploads\/2023\/09\/Haus_alt_von_Nordwesten.jpg\" alt=\"\" class=\"wp-image-1019\" srcset=\"https:\/\/iso.spdns.de\/wp-content\/uploads\/2023\/09\/Haus_alt_von_Nordwesten.jpg 792w, https:\/\/iso.spdns.de\/wp-content\/uploads\/2023\/09\/Haus_alt_von_Nordwesten-300x201.jpg 300w, https:\/\/iso.spdns.de\/wp-content\/uploads\/2023\/09\/Haus_alt_von_Nordwesten-768x515.jpg 768w\" sizes=\"auto, (max-width: 792px) 100vw, 792px\" \/><\/figure>\n\n\n\n<p>Familie Schr\u00f6der &#8211; die Bauherren des Hauses &#8211; hatten zur damaligen Zeit sehr vorausschauend gedacht und den Dachstuhl mit einer Torfd\u00e4mmung versehen. Leider wurde diese D\u00e4mmung mit zunehmendem Alter immer schlechter, die Torfkr\u00fcmel fand man \u00fcberall im Dachgescho\u00df und die Isolierung war nicht mehr effektiv.<\/p>\n\n\n\n<figure class=\"wp-block-image size-full\"><img loading=\"lazy\" decoding=\"async\" width=\"792\" height=\"444\" src=\"https:\/\/iso.spdns.de\/wp-content\/uploads\/2023\/09\/gruestco.jpg\" alt=\"\" class=\"wp-image-1028\" srcset=\"https:\/\/iso.spdns.de\/wp-content\/uploads\/2023\/09\/gruestco.jpg 792w, https:\/\/iso.spdns.de\/wp-content\/uploads\/2023\/09\/gruestco-300x168.jpg 300w, https:\/\/iso.spdns.de\/wp-content\/uploads\/2023\/09\/gruestco-768x431.jpg 768w\" sizes=\"auto, (max-width: 792px) 100vw, 792px\" \/><\/figure>\n\n\n\n<p>Vor Anbringung einer neuen Isolierung mu\u00dfte der Torf aber erstmal vom Dach. Zum Gl\u00fcck war der Torf aber kein Sonderm\u00fcll und die Dachdecker (Alex Becker und seine Mannschaft) konnten ihn mit Handfeger und Schaufel zusammenfegen nachdem die Dachpfannen abgenommen waren. Als neue Isolierung haben wir Holzd\u00e4mmstoffplatten gew\u00e4hlt, die nach der Anlieferung den ganzen Vorgarten f\u00fcllten und dann mit einem Kran auf\u00b4s Dach geschafft werden mu\u00dften.<\/p>\n\n\n\n<figure class=\"wp-block-image size-full\"><img loading=\"lazy\" decoding=\"async\" width=\"445\" height=\"594\" src=\"https:\/\/iso.spdns.de\/wp-content\/uploads\/2023\/09\/Torf_Dach.jpg\" alt=\"\" class=\"wp-image-1024\" srcset=\"https:\/\/iso.spdns.de\/wp-content\/uploads\/2023\/09\/Torf_Dach.jpg 445w, https:\/\/iso.spdns.de\/wp-content\/uploads\/2023\/09\/Torf_Dach-225x300.jpg 225w\" sizes=\"auto, (max-width: 445px) 100vw, 445px\" \/><\/figure>\n\n\n\n<p>Pfannen runter und Torf raus hie\u00df es deshalb nachdem das Haus einger\u00fcstet war. Das klappte aber gl\u00fccklicherweise sehr gut und wir waren froh, da\u00df es viel weniger kompliziert war, als wir bef\u00fcrchtet hatten.<\/p>\n\n\n\n<figure class=\"wp-block-image size-full\"><img loading=\"lazy\" decoding=\"async\" width=\"792\" height=\"444\" src=\"https:\/\/iso.spdns.de\/wp-content\/uploads\/2023\/09\/Torfdach2.jpg\" alt=\"\" class=\"wp-image-1026\" srcset=\"https:\/\/iso.spdns.de\/wp-content\/uploads\/2023\/09\/Torfdach2.jpg 792w, https:\/\/iso.spdns.de\/wp-content\/uploads\/2023\/09\/Torfdach2-300x168.jpg 300w, https:\/\/iso.spdns.de\/wp-content\/uploads\/2023\/09\/Torfdach2-768x431.jpg 768w\" sizes=\"auto, (max-width: 792px) 100vw, 792px\" \/><\/figure>\n\n\n\n<p>Dann kam Aufdoppeln, Isolierung zwischen den Sparren anbringen und mit einer atmungsaktiven Folie gegen Zugluft abdecken. <\/p>\n\n\n\n<figure class=\"wp-block-image size-full\"><img loading=\"lazy\" decoding=\"async\" width=\"792\" height=\"594\" src=\"https:\/\/iso.spdns.de\/wp-content\/uploads\/2023\/09\/Isolierung.jpg\" alt=\"\" class=\"wp-image-1033\" srcset=\"https:\/\/iso.spdns.de\/wp-content\/uploads\/2023\/09\/Isolierung.jpg 792w, https:\/\/iso.spdns.de\/wp-content\/uploads\/2023\/09\/Isolierung-300x225.jpg 300w, https:\/\/iso.spdns.de\/wp-content\/uploads\/2023\/09\/Isolierung-768x576.jpg 768w\" sizes=\"auto, (max-width: 792px) 100vw, 792px\" \/><figcaption class=\"wp-element-caption\">dav<\/figcaption><\/figure>\n\n\n\n<p>Danach noch eine Schicht Holzd\u00e4mmplatten und darauf dann neue Dachlatten f\u00fcr die Dachpfannen. Die D\u00e4mmung hat so eine Dicke von 30 cm! <\/p>\n\n\n\n<figure class=\"wp-block-image size-full\"><img loading=\"lazy\" decoding=\"async\" width=\"792\" height=\"444\" src=\"https:\/\/iso.spdns.de\/wp-content\/uploads\/2023\/09\/Daemmung.jpg\" alt=\"\" class=\"wp-image-1037\" srcset=\"https:\/\/iso.spdns.de\/wp-content\/uploads\/2023\/09\/Daemmung.jpg 792w, https:\/\/iso.spdns.de\/wp-content\/uploads\/2023\/09\/Daemmung-300x168.jpg 300w, https:\/\/iso.spdns.de\/wp-content\/uploads\/2023\/09\/Daemmung-768x431.jpg 768w\" sizes=\"auto, (max-width: 792px) 100vw, 792px\" \/><\/figure>\n\n\n\n<p>Die Dachgaube auf der Westseite wurde im Zuge der Arbeiten neu gemacht.<\/p>\n\n\n\n<figure class=\"wp-block-image size-full\"><img loading=\"lazy\" decoding=\"async\" width=\"333\" height=\"594\" src=\"https:\/\/iso.spdns.de\/wp-content\/uploads\/2023\/09\/Gaube_westen2.jpg\" alt=\"\" class=\"wp-image-1039\" srcset=\"https:\/\/iso.spdns.de\/wp-content\/uploads\/2023\/09\/Gaube_westen2.jpg 333w, https:\/\/iso.spdns.de\/wp-content\/uploads\/2023\/09\/Gaube_westen2-168x300.jpg 168w\" sizes=\"auto, (max-width: 333px) 100vw, 333px\" \/><\/figure>\n\n\n\n<p>So schaut man vom Dachboden in die Gaube hinein, wo der neue Wintergarten entsteht. Drau\u00dfen davor erhielt dann die Dachterrasse einen neuen Boden und ein Gel\u00e4nder aus Holz.<\/p>\n\n\n\n<figure class=\"wp-block-image size-full\"><img loading=\"lazy\" decoding=\"async\" width=\"792\" height=\"444\" src=\"https:\/\/iso.spdns.de\/wp-content\/uploads\/2023\/09\/dachterrasse1.jpg\" alt=\"\" class=\"wp-image-1042\" srcset=\"https:\/\/iso.spdns.de\/wp-content\/uploads\/2023\/09\/dachterrasse1.jpg 792w, https:\/\/iso.spdns.de\/wp-content\/uploads\/2023\/09\/dachterrasse1-300x168.jpg 300w, https:\/\/iso.spdns.de\/wp-content\/uploads\/2023\/09\/dachterrasse1-768x431.jpg 768w\" sizes=\"auto, (max-width: 792px) 100vw, 792px\" \/><\/figure>\n\n\n\n<p>Durch die Dicke der D\u00e4mmung war es nicht ganz einfach den Boden der Terrasse gut hinzubekommen.<\/p>\n\n\n\n<figure class=\"wp-block-image size-full\"><img loading=\"lazy\" decoding=\"async\" width=\"792\" height=\"594\" src=\"https:\/\/iso.spdns.de\/wp-content\/uploads\/2023\/09\/dachterrasse2.jpg\" alt=\"\" class=\"wp-image-1044\" srcset=\"https:\/\/iso.spdns.de\/wp-content\/uploads\/2023\/09\/dachterrasse2.jpg 792w, https:\/\/iso.spdns.de\/wp-content\/uploads\/2023\/09\/dachterrasse2-300x225.jpg 300w, https:\/\/iso.spdns.de\/wp-content\/uploads\/2023\/09\/dachterrasse2-768x576.jpg 768w\" sizes=\"auto, (max-width: 792px) 100vw, 792px\" \/><\/figure>\n\n\n\n<figure class=\"wp-block-image size-full\"><img loading=\"lazy\" decoding=\"async\" width=\"792\" height=\"594\" src=\"https:\/\/iso.spdns.de\/wp-content\/uploads\/2023\/09\/terrassentuer.jpg\" alt=\"\" class=\"wp-image-1046\" srcset=\"https:\/\/iso.spdns.de\/wp-content\/uploads\/2023\/09\/terrassentuer.jpg 792w, https:\/\/iso.spdns.de\/wp-content\/uploads\/2023\/09\/terrassentuer-300x225.jpg 300w, https:\/\/iso.spdns.de\/wp-content\/uploads\/2023\/09\/terrassentuer-768x576.jpg 768w\" sizes=\"auto, (max-width: 792px) 100vw, 792px\" \/><\/figure>\n\n\n\n<p>Aber Schritt f\u00fcr Schritt wird es deutlicher, wie sich das Haus ver\u00e4ndert. Neue Dachpfannen, Gaubenverkleidungen aus Schiefer und Terrassenplatten, die auf kleine St\u00e4nder aufgelegt werden. <\/p>\n\n\n\n<figure class=\"wp-block-image size-full\"><img loading=\"lazy\" decoding=\"async\" width=\"792\" height=\"444\" src=\"https:\/\/iso.spdns.de\/wp-content\/uploads\/2023\/09\/mittagspause.jpg\" alt=\"\" class=\"wp-image-1049\" srcset=\"https:\/\/iso.spdns.de\/wp-content\/uploads\/2023\/09\/mittagspause.jpg 792w, https:\/\/iso.spdns.de\/wp-content\/uploads\/2023\/09\/mittagspause-300x168.jpg 300w, https:\/\/iso.spdns.de\/wp-content\/uploads\/2023\/09\/mittagspause-768x431.jpg 768w\" sizes=\"auto, (max-width: 792px) 100vw, 792px\" \/><\/figure>\n\n\n\n<p>Mittagspause war immer bei uns hinten im Garten. Das war auch n\u00f6tig, denn es war ein sehr hei\u00dfer Sommer, der gl\u00fccklicherweise f\u00fcr uns auch trocken war und das ist sehr praktisch, wenn das Dach offen liegt.<\/p>\n\n\n\n<figure class=\"wp-block-image size-full\"><img loading=\"lazy\" decoding=\"async\" width=\"792\" height=\"529\" src=\"https:\/\/iso.spdns.de\/wp-content\/uploads\/2023\/09\/dach_fast_fertig.jpg\" alt=\"\" class=\"wp-image-1052\" srcset=\"https:\/\/iso.spdns.de\/wp-content\/uploads\/2023\/09\/dach_fast_fertig.jpg 792w, https:\/\/iso.spdns.de\/wp-content\/uploads\/2023\/09\/dach_fast_fertig-300x200.jpg 300w, https:\/\/iso.spdns.de\/wp-content\/uploads\/2023\/09\/dach_fast_fertig-768x513.jpg 768w\" sizes=\"auto, (max-width: 792px) 100vw, 792px\" \/><\/figure>\n\n\n\n<p>Es fehlt noch der Schornstein und auch Dachfenster damit das Dachgescho\u00df nutzbar gemacht wird. <\/p>\n\n\n\n<figure class=\"wp-block-image size-full\"><img loading=\"lazy\" decoding=\"async\" width=\"792\" height=\"529\" src=\"https:\/\/iso.spdns.de\/wp-content\/uploads\/2023\/09\/Schornstein.jpg\" alt=\"\" class=\"wp-image-1054\" srcset=\"https:\/\/iso.spdns.de\/wp-content\/uploads\/2023\/09\/Schornstein.jpg 792w, https:\/\/iso.spdns.de\/wp-content\/uploads\/2023\/09\/Schornstein-300x200.jpg 300w, https:\/\/iso.spdns.de\/wp-content\/uploads\/2023\/09\/Schornstein-768x513.jpg 768w\" sizes=\"auto, (max-width: 792px) 100vw, 792px\" \/><\/figure>\n\n\n\n<p>Der Schornstein mu\u00dfte von der Decke des ersten Stocks neu aufgemauert werden. Im Bild sieht man auch noch die alte Scherentreppe zum Dachgescho\u00df.<\/p>\n\n\n\n<figure class=\"wp-block-image size-full\"><img loading=\"lazy\" decoding=\"async\" width=\"792\" height=\"594\" src=\"https:\/\/iso.spdns.de\/wp-content\/uploads\/2023\/09\/dachgeschoss.jpg\" alt=\"\" class=\"wp-image-1056\" srcset=\"https:\/\/iso.spdns.de\/wp-content\/uploads\/2023\/09\/dachgeschoss.jpg 792w, https:\/\/iso.spdns.de\/wp-content\/uploads\/2023\/09\/dachgeschoss-300x225.jpg 300w, https:\/\/iso.spdns.de\/wp-content\/uploads\/2023\/09\/dachgeschoss-768x576.jpg 768w\" sizes=\"auto, (max-width: 792px) 100vw, 792px\" \/><\/figure>\n\n\n\n<p>Der weitere Innenausbau wurde dann im Trockenbau mit Gipskartonplatten durchgef\u00fchrt.<\/p>\n\n\n\n<figure class=\"wp-block-image size-full\"><img loading=\"lazy\" decoding=\"async\" width=\"333\" height=\"594\" src=\"https:\/\/iso.spdns.de\/wp-content\/uploads\/2023\/09\/schornstein_2.jpg\" alt=\"\" class=\"wp-image-1058\" srcset=\"https:\/\/iso.spdns.de\/wp-content\/uploads\/2023\/09\/schornstein_2.jpg 333w, https:\/\/iso.spdns.de\/wp-content\/uploads\/2023\/09\/schornstein_2-168x300.jpg 168w\" sizes=\"auto, (max-width: 333px) 100vw, 333px\" \/><\/figure>\n\n\n\n<p>Im letzten Schritt mu\u00dfte der Schornstein von innen versiegelt werden, damit er f\u00fcr die Heizung genutzt werden konnte. Hier sieht man auch, dass die Dachfenster eingesetzt wurden und das Haus auch schon einen neuen Anstrich bekommen hat.<\/p>\n\n\n\n<figure class=\"wp-block-image size-large\"><img loading=\"lazy\" decoding=\"async\" width=\"1024\" height=\"768\" src=\"https:\/\/iso.spdns.de\/wp-content\/uploads\/2023\/09\/farbe-1024x768.jpg\" alt=\"\" class=\"wp-image-1063\" srcset=\"https:\/\/iso.spdns.de\/wp-content\/uploads\/2023\/09\/farbe-1024x768.jpg 1024w, https:\/\/iso.spdns.de\/wp-content\/uploads\/2023\/09\/farbe-300x225.jpg 300w, https:\/\/iso.spdns.de\/wp-content\/uploads\/2023\/09\/farbe-768x576.jpg 768w, https:\/\/iso.spdns.de\/wp-content\/uploads\/2023\/09\/farbe-1536x1152.jpg 1536w, https:\/\/iso.spdns.de\/wp-content\/uploads\/2023\/09\/farbe-2048x1536.jpg 2048w, https:\/\/iso.spdns.de\/wp-content\/uploads\/2023\/09\/farbe-1800x1350.jpg 1800w\" sizes=\"auto, (max-width: 1024px) 100vw, 1024px\" \/><\/figure>\n","protected":false},"excerpt":{"rendered":"<p>Das Haus in der Fritz-Reuter-Stra\u00dfe 19 wurde von uns vor dem Einzug 1999 renoviert, aber von au\u00dfen nicht ver\u00e4ndert. Dach und Dachgauben waren 2018 in keinem guten Zustand mehr und insbesondere die Isolierung im Dachgescho\u00df machte das Heizen im Winter sehr schwierig, weil der Wind durch das Dach pfiff. Auch [&#8230;]<\/p>\n","protected":false},"author":1,"featured_media":1018,"comment_status":"closed","ping_status":"open","sticky":false,"template":"","format":"standard","meta":{"footnotes":""},"categories":[1],"tags":[],"class_list":["post-1016","post","type-post","status-publish","format-standard","has-post-thumbnail","hentry","category-allgemein"],"_links":{"self":[{"href":"https:\/\/iso.spdns.de\/index.php?rest_route=\/wp\/v2\/posts\/1016","targetHints":{"allow":["GET"]}}],"collection":[{"href":"https:\/\/iso.spdns.de\/index.php?rest_route=\/wp\/v2\/posts"}],"about":[{"href":"https:\/\/iso.spdns.de\/index.php?rest_route=\/wp\/v2\/types\/post"}],"author":[{"embeddable":true,"href":"https:\/\/iso.spdns.de\/index.php?rest_route=\/wp\/v2\/users\/1"}],"replies":[{"embeddable":true,"href":"https:\/\/iso.spdns.de\/index.php?rest_route=%2Fwp%2Fv2%2Fcomments&post=1016"}],"version-history":[{"count":26,"href":"https:\/\/iso.spdns.de\/index.php?rest_route=\/wp\/v2\/posts\/1016\/revisions"}],"predecessor-version":[{"id":1283,"href":"https:\/\/iso.spdns.de\/index.php?rest_route=\/wp\/v2\/posts\/1016\/revisions\/1283"}],"wp:featuredmedia":[{"embeddable":true,"href":"https:\/\/iso.spdns.de\/index.php?rest_route=\/wp\/v2\/media\/1018"}],"wp:attachment":[{"href":"https:\/\/iso.spdns.de\/index.php?rest_route=%2Fwp%2Fv2%2Fmedia&parent=1016"}],"wp:term":[{"taxonomy":"category","embeddable":true,"href":"https:\/\/iso.spdns.de\/index.php?rest_route=%2Fwp%2Fv2%2Fcategories&post=1016"},{"taxonomy":"post_tag","embeddable":true,"href":"https:\/\/iso.spdns.de\/index.php?rest_route=%2Fwp%2Fv2%2Ftags&post=1016"}],"curies":[{"name":"wp","href":"https:\/\/api.w.org\/{rel}","templated":true}]}}