{"id":136,"date":"2022-12-21T08:58:24","date_gmt":"2022-12-21T07:58:24","guid":{"rendered":"https:\/\/iso.spdns.de\/?p=136"},"modified":"2023-08-19T22:59:01","modified_gmt":"2023-08-19T20:59:01","slug":"jetzt-ist-der-vorgarten-dran","status":"publish","type":"post","link":"https:\/\/iso.spdns.de\/?p=136","title":{"rendered":"Jetzt ist der Vorgarten dran"},"content":{"rendered":"\n<figure class=\"wp-block-image size-large\"><img decoding=\"async\" src=\"https:\/\/iso.spdns.de\/wp-content\/uploads\/2022\/12\/IMG-20210822-WA0000-1024x768.jpg\" alt=\"\" class=\"wp-image-143\"\/><\/figure>\n\n\n\n<p>Im Sommer war der provisorische Stellplatz im Vorgarten gut, aber bei nassem Wetter besonders im Winter sah das leider nicht so toll aus. Neben der Umgestaltung der alten Garage haben wir deshalb beschlossen auch den Vorgarten zu ver\u00e4ndern, insbesondere da die linke Trockenmauer nicht mehr standfest war.<\/p>\n\n\n\n<figure class=\"wp-block-image size-large\"><img loading=\"lazy\" decoding=\"async\" width=\"768\" height=\"1024\" src=\"https:\/\/iso.spdns.de\/wp-content\/uploads\/2022\/12\/IMG-20220720-WA0001-1-768x1024.jpg\" alt=\"Vorgarten mit dem alten Garagentor\" class=\"wp-image-17\"\/><\/figure>\n\n\n\n<p>Im unteren Bild ist die linke Trockenmauer (im Bild oben von der Vegetation verdeckt) schon abgetragen. Die Natursteine haben wir im Garten als &#8222;Trittsteine&#8220; auf Wegen und f\u00fcr Beetumrandungen verwendet.<\/p>\n\n\n\n<figure class=\"wp-block-image size-large\"><img loading=\"lazy\" decoding=\"async\" width=\"768\" height=\"1024\" src=\"https:\/\/iso.spdns.de\/wp-content\/uploads\/2022\/12\/IMG-20221115-WA0003-1-768x1024.jpg\" alt=\"\" class=\"wp-image-34\" srcset=\"https:\/\/iso.spdns.de\/wp-content\/uploads\/2022\/12\/IMG-20221115-WA0003-1-768x1024.jpg 768w, https:\/\/iso.spdns.de\/wp-content\/uploads\/2022\/12\/IMG-20221115-WA0003-1-225x300.jpg 225w, https:\/\/iso.spdns.de\/wp-content\/uploads\/2022\/12\/IMG-20221115-WA0003-1-1152x1536.jpg 1152w, https:\/\/iso.spdns.de\/wp-content\/uploads\/2022\/12\/IMG-20221115-WA0003-1.jpg 1488w\" sizes=\"auto, (max-width: 768px) 100vw, 768px\" \/><\/figure>\n\n\n\n<p class=\"has-link-color wp-elements-9e0089e2e728b9e1aaa823fcc9c50de0\"><a href=\"https:\/\/iso.spdns.de\/?p=1\">Nach dem neuen Garagentor bzw. nach Einbau des neuen Fenstert\u00fcrelements<\/a> ging es deshalb an den Vorgarten, denn das Auto sollte einen vern\u00fcnftigen Stellplatz bekommen, der aber nicht zuviel &#8222;Beton&#8220; in den Garten bringt und auch eine Ladem\u00f6glichkeit f\u00fcr unseren Plug-in-Hybrid sollte vorhanden sein, denn der wurde bisher \u00fcber ein Gartenkabel mit Strom betankt.<\/p>\n\n\n\n<figure class=\"wp-block-image size-large\"><img loading=\"lazy\" decoding=\"async\" width=\"1024\" height=\"512\" src=\"https:\/\/iso.spdns.de\/wp-content\/uploads\/2023\/01\/IMG_20230108_132712-1024x512.jpg\" alt=\"\" class=\"wp-image-380\" srcset=\"https:\/\/iso.spdns.de\/wp-content\/uploads\/2023\/01\/IMG_20230108_132712-1024x512.jpg 1024w, https:\/\/iso.spdns.de\/wp-content\/uploads\/2023\/01\/IMG_20230108_132712-300x150.jpg 300w, https:\/\/iso.spdns.de\/wp-content\/uploads\/2023\/01\/IMG_20230108_132712-768x384.jpg 768w, https:\/\/iso.spdns.de\/wp-content\/uploads\/2023\/01\/IMG_20230108_132712-1536x768.jpg 1536w, https:\/\/iso.spdns.de\/wp-content\/uploads\/2023\/01\/IMG_20230108_132712-2048x1024.jpg 2048w, https:\/\/iso.spdns.de\/wp-content\/uploads\/2023\/01\/IMG_20230108_132712-1800x900.jpg 1800w\" sizes=\"auto, (max-width: 1024px) 100vw, 1024px\" \/><\/figure>\n\n\n\n<p>Kurz nach dem Beginn der Arbeiten setzte aber leider nasses, kaltes Winterwetter ein und damit mu\u00dften die Arbeiten zun\u00e4chst einmal eingestellt werden. Der Bagger wurde deshalb vor Weihnachten wieder abgeholt und wir warten nun auf besseres Wetter. Statt weniger Schlamm auf dem Parkplatz gibt es nun zun\u00e4chst einmal mehr Schlamm und schmutzige Schuhe.<\/p>\n\n\n\n<p>Jetzt ist es schon Anfang M\u00e4rz und es ist immer noch kein Fortschritt zu entdecken. Handwerker zu bekommen ist schwierig und wir hoffen sehr, dass im April\/Mai die Arbeiten weiter gehen.<\/p>\n\n\n\n<figure class=\"wp-block-image size-large\"><img loading=\"lazy\" decoding=\"async\" width=\"1024\" height=\"512\" src=\"https:\/\/iso.spdns.de\/wp-content\/uploads\/2023\/03\/IMG_20230309_140118-1024x512.jpg\" alt=\"\" class=\"wp-image-889\" srcset=\"https:\/\/iso.spdns.de\/wp-content\/uploads\/2023\/03\/IMG_20230309_140118-1024x512.jpg 1024w, https:\/\/iso.spdns.de\/wp-content\/uploads\/2023\/03\/IMG_20230309_140118-300x150.jpg 300w, https:\/\/iso.spdns.de\/wp-content\/uploads\/2023\/03\/IMG_20230309_140118-768x384.jpg 768w, https:\/\/iso.spdns.de\/wp-content\/uploads\/2023\/03\/IMG_20230309_140118-1536x768.jpg 1536w, https:\/\/iso.spdns.de\/wp-content\/uploads\/2023\/03\/IMG_20230309_140118-2048x1024.jpg 2048w, https:\/\/iso.spdns.de\/wp-content\/uploads\/2023\/03\/IMG_20230309_140118-1800x900.jpg 1800w\" sizes=\"auto, (max-width: 1024px) 100vw, 1024px\" \/><figcaption class=\"wp-element-caption\">Schnee und nasser Boden im Vorgarten &#8211; Immerhin kommen auch schon Schneegl\u00f6ckchen und Winterlinge<\/figcaption><\/figure>\n\n\n\n<p>Im Mai 2023 ging es endlich weiter, weil das Wetter besser wurde. Die Angst vor Regen sa\u00df uns aber immer noch im Nacken, da dies die Erdarbeiten trotz des Baggers sehr erschwert h\u00e4tte. Nach einigen Tagen konnte die Baugrube dann gl\u00fccklicherweise aufgeschottert werden und der Baufortschritt war deutlich erkennbar.<\/p>\n\n\n\n<figure class=\"wp-block-image size-large\"><img loading=\"lazy\" decoding=\"async\" width=\"1024\" height=\"512\" src=\"https:\/\/iso.spdns.de\/wp-content\/uploads\/2023\/05\/IMG_20230510_151946-1-1024x512.jpg\" alt=\"\" class=\"wp-image-946\" srcset=\"https:\/\/iso.spdns.de\/wp-content\/uploads\/2023\/05\/IMG_20230510_151946-1-1024x512.jpg 1024w, https:\/\/iso.spdns.de\/wp-content\/uploads\/2023\/05\/IMG_20230510_151946-1-300x150.jpg 300w, https:\/\/iso.spdns.de\/wp-content\/uploads\/2023\/05\/IMG_20230510_151946-1-768x384.jpg 768w, https:\/\/iso.spdns.de\/wp-content\/uploads\/2023\/05\/IMG_20230510_151946-1-1536x768.jpg 1536w, https:\/\/iso.spdns.de\/wp-content\/uploads\/2023\/05\/IMG_20230510_151946-1-2048x1024.jpg 2048w, https:\/\/iso.spdns.de\/wp-content\/uploads\/2023\/05\/IMG_20230510_151946-1-1800x900.jpg 1800w\" sizes=\"auto, (max-width: 1024px) 100vw, 1024px\" \/><\/figure>\n\n\n\n<figure class=\"wp-block-image size-large\"><img loading=\"lazy\" decoding=\"async\" width=\"1024\" height=\"512\" src=\"https:\/\/iso.spdns.de\/wp-content\/uploads\/2023\/05\/IMG_20230510_151937-1024x512.jpg\" alt=\"\" class=\"wp-image-947\" srcset=\"https:\/\/iso.spdns.de\/wp-content\/uploads\/2023\/05\/IMG_20230510_151937-1024x512.jpg 1024w, https:\/\/iso.spdns.de\/wp-content\/uploads\/2023\/05\/IMG_20230510_151937-300x150.jpg 300w, https:\/\/iso.spdns.de\/wp-content\/uploads\/2023\/05\/IMG_20230510_151937-768x384.jpg 768w, https:\/\/iso.spdns.de\/wp-content\/uploads\/2023\/05\/IMG_20230510_151937-1536x768.jpg 1536w, https:\/\/iso.spdns.de\/wp-content\/uploads\/2023\/05\/IMG_20230510_151937-2048x1024.jpg 2048w, https:\/\/iso.spdns.de\/wp-content\/uploads\/2023\/05\/IMG_20230510_151937-1800x900.jpg 1800w\" sizes=\"auto, (max-width: 1024px) 100vw, 1024px\" \/><\/figure>\n\n\n\n<p>Die langen Unterbrechungen beim Bauen machten dann eine Neuauswahl der Mauersteine und Platten n\u00f6tig, aber da wir uns auf schnell lieferbare Steine beschr\u00e4nkten lief alles gut weiter. Geliefert wurde wieder mit einem gro\u00dfen LKW mit Kran, wie das auch schon bei den Dacharbeiten der Fall war.<\/p>\n\n\n\n<figure class=\"wp-block-image size-large\"><img loading=\"lazy\" decoding=\"async\" width=\"1024\" height=\"512\" src=\"https:\/\/iso.spdns.de\/wp-content\/uploads\/2023\/05\/IMG_20230511_115950-1-1024x512.jpg\" alt=\"\" class=\"wp-image-944\" srcset=\"https:\/\/iso.spdns.de\/wp-content\/uploads\/2023\/05\/IMG_20230511_115950-1-1024x512.jpg 1024w, https:\/\/iso.spdns.de\/wp-content\/uploads\/2023\/05\/IMG_20230511_115950-1-300x150.jpg 300w, https:\/\/iso.spdns.de\/wp-content\/uploads\/2023\/05\/IMG_20230511_115950-1-768x384.jpg 768w, https:\/\/iso.spdns.de\/wp-content\/uploads\/2023\/05\/IMG_20230511_115950-1-1536x768.jpg 1536w, https:\/\/iso.spdns.de\/wp-content\/uploads\/2023\/05\/IMG_20230511_115950-1-2048x1024.jpg 2048w, https:\/\/iso.spdns.de\/wp-content\/uploads\/2023\/05\/IMG_20230511_115950-1-1800x900.jpg 1800w\" sizes=\"auto, (max-width: 1024px) 100vw, 1024px\" \/><\/figure>\n\n\n\n<figure class=\"wp-block-image size-large\"><img loading=\"lazy\" decoding=\"async\" width=\"1024\" height=\"512\" src=\"https:\/\/iso.spdns.de\/wp-content\/uploads\/2023\/05\/IMG_20230518_090932-1024x512.jpg\" alt=\"\" class=\"wp-image-931\" srcset=\"https:\/\/iso.spdns.de\/wp-content\/uploads\/2023\/05\/IMG_20230518_090932-1024x512.jpg 1024w, https:\/\/iso.spdns.de\/wp-content\/uploads\/2023\/05\/IMG_20230518_090932-300x150.jpg 300w, https:\/\/iso.spdns.de\/wp-content\/uploads\/2023\/05\/IMG_20230518_090932-768x384.jpg 768w, https:\/\/iso.spdns.de\/wp-content\/uploads\/2023\/05\/IMG_20230518_090932-1536x768.jpg 1536w, https:\/\/iso.spdns.de\/wp-content\/uploads\/2023\/05\/IMG_20230518_090932-2048x1024.jpg 2048w, https:\/\/iso.spdns.de\/wp-content\/uploads\/2023\/05\/IMG_20230518_090932-1800x900.jpg 1800w\" sizes=\"auto, (max-width: 1024px) 100vw, 1024px\" \/><\/figure>\n\n\n\n<p>Nach dem Aufschottern wurden die dunklen Randsteine in einen schwachen Beton gesetzt, die den k\u00fcnftigen Parkplatz umgeben. Der Bereich der ehemaligen Trockenmauer auf der linken Seite wurde dann mit gro\u00dfen Betonsteinen, die ebenfalls ein Betonfundament erhalten haben, neu aufgemauert. Aufgrund des hohen Eigengewichts der Steine (43 kg pro Stein) sind diese sehr gut geeignet die Erdb\u00f6schung zu stabilisieren.<\/p>\n\n\n\n<figure class=\"wp-block-image size-large\"><img loading=\"lazy\" decoding=\"async\" width=\"1024\" height=\"512\" src=\"https:\/\/iso.spdns.de\/wp-content\/uploads\/2023\/05\/IMG_20230517_171633-1024x512.jpg\" alt=\"\" class=\"wp-image-937\" srcset=\"https:\/\/iso.spdns.de\/wp-content\/uploads\/2023\/05\/IMG_20230517_171633-1024x512.jpg 1024w, https:\/\/iso.spdns.de\/wp-content\/uploads\/2023\/05\/IMG_20230517_171633-300x150.jpg 300w, https:\/\/iso.spdns.de\/wp-content\/uploads\/2023\/05\/IMG_20230517_171633-768x384.jpg 768w, https:\/\/iso.spdns.de\/wp-content\/uploads\/2023\/05\/IMG_20230517_171633-1536x768.jpg 1536w, https:\/\/iso.spdns.de\/wp-content\/uploads\/2023\/05\/IMG_20230517_171633-2048x1024.jpg 2048w, https:\/\/iso.spdns.de\/wp-content\/uploads\/2023\/05\/IMG_20230517_171633-1800x900.jpg 1800w\" sizes=\"auto, (max-width: 1024px) 100vw, 1024px\" \/><\/figure>\n\n\n\n<p>Der Bereich der die fr\u00fcheren Einfahrt zur Kellergarage wird jetzt zu einem Beet, damit unsere Bauma\u00dfnahme nicht zu viel Fl\u00e4che versiegelt.<\/p>\n\n\n\n<figure class=\"wp-block-image size-large\"><img loading=\"lazy\" decoding=\"async\" width=\"1024\" height=\"512\" src=\"https:\/\/iso.spdns.de\/wp-content\/uploads\/2023\/05\/IMG_20230518_090840-1024x512.jpg\" alt=\"\" class=\"wp-image-932\" srcset=\"https:\/\/iso.spdns.de\/wp-content\/uploads\/2023\/05\/IMG_20230518_090840-1024x512.jpg 1024w, https:\/\/iso.spdns.de\/wp-content\/uploads\/2023\/05\/IMG_20230518_090840-300x150.jpg 300w, https:\/\/iso.spdns.de\/wp-content\/uploads\/2023\/05\/IMG_20230518_090840-768x384.jpg 768w, https:\/\/iso.spdns.de\/wp-content\/uploads\/2023\/05\/IMG_20230518_090840-1536x768.jpg 1536w, https:\/\/iso.spdns.de\/wp-content\/uploads\/2023\/05\/IMG_20230518_090840-2048x1024.jpg 2048w, https:\/\/iso.spdns.de\/wp-content\/uploads\/2023\/05\/IMG_20230518_090840-1800x900.jpg 1800w\" sizes=\"auto, (max-width: 1024px) 100vw, 1024px\" \/><\/figure>\n\n\n\n<figure class=\"wp-block-image size-large\"><img loading=\"lazy\" decoding=\"async\" width=\"1024\" height=\"512\" src=\"https:\/\/iso.spdns.de\/wp-content\/uploads\/2023\/05\/IMG_20230517_172104-1024x512.jpg\" alt=\"\" class=\"wp-image-934\" srcset=\"https:\/\/iso.spdns.de\/wp-content\/uploads\/2023\/05\/IMG_20230517_172104-1024x512.jpg 1024w, https:\/\/iso.spdns.de\/wp-content\/uploads\/2023\/05\/IMG_20230517_172104-300x150.jpg 300w, https:\/\/iso.spdns.de\/wp-content\/uploads\/2023\/05\/IMG_20230517_172104-768x384.jpg 768w, https:\/\/iso.spdns.de\/wp-content\/uploads\/2023\/05\/IMG_20230517_172104-1536x768.jpg 1536w, https:\/\/iso.spdns.de\/wp-content\/uploads\/2023\/05\/IMG_20230517_172104-2048x1024.jpg 2048w, https:\/\/iso.spdns.de\/wp-content\/uploads\/2023\/05\/IMG_20230517_172104-1800x900.jpg 1800w\" sizes=\"auto, (max-width: 1024px) 100vw, 1024px\" \/><\/figure>\n\n\n\n<p>Auf einer Seite der k\u00fcnftigen Terrasse bleibt die alte Trockenmauer erhalten. Da diese Mauer im unteren Bereich nicht tief genug im Boden verankert ist, mu\u00df sie k\u00fcnftig abgest\u00fctzt werden. Dies erreichen wir mit weiteren Betonsteinen, die die Trockenmauer st\u00fctzen und gleichzeitig eine Bank bilden.<\/p>\n\n\n\n<figure class=\"wp-block-image size-large\"><img loading=\"lazy\" decoding=\"async\" width=\"1024\" height=\"512\" src=\"https:\/\/iso.spdns.de\/wp-content\/uploads\/2023\/05\/IMG_20230518_091018-1024x512.jpg\" alt=\"\" class=\"wp-image-929\" srcset=\"https:\/\/iso.spdns.de\/wp-content\/uploads\/2023\/05\/IMG_20230518_091018-1024x512.jpg 1024w, https:\/\/iso.spdns.de\/wp-content\/uploads\/2023\/05\/IMG_20230518_091018-300x150.jpg 300w, https:\/\/iso.spdns.de\/wp-content\/uploads\/2023\/05\/IMG_20230518_091018-768x384.jpg 768w, https:\/\/iso.spdns.de\/wp-content\/uploads\/2023\/05\/IMG_20230518_091018-1536x768.jpg 1536w, https:\/\/iso.spdns.de\/wp-content\/uploads\/2023\/05\/IMG_20230518_091018-2048x1024.jpg 2048w, https:\/\/iso.spdns.de\/wp-content\/uploads\/2023\/05\/IMG_20230518_091018-1800x900.jpg 1800w\" sizes=\"auto, (max-width: 1024px) 100vw, 1024px\" \/><\/figure>\n\n\n\n<p>Als Bodenplatten haben wir auch Betonplatten ausgesucht. Aufgrund der F\u00e4rbung passen sie auch zu Altbauten und vermitteln nicht den typischen &#8222;Charme&#8220; von Beton. Diese Platten waren im Baustoffmarkt vorr\u00e4tig, da sie ein anderer Kunde zur\u00fcckgegeben hatte und f\u00fcr uns war das ein Gl\u00fccksfall, da sie dadurch auch noch etwas preiswerter angeboten wurden.<\/p>\n\n\n\n<figure class=\"wp-block-image size-large\"><img loading=\"lazy\" decoding=\"async\" width=\"1024\" height=\"512\" src=\"https:\/\/iso.spdns.de\/wp-content\/uploads\/2023\/06\/IMG_20230602_170950-1024x512.jpg\" alt=\"\" class=\"wp-image-957\" srcset=\"https:\/\/iso.spdns.de\/wp-content\/uploads\/2023\/06\/IMG_20230602_170950-1024x512.jpg 1024w, https:\/\/iso.spdns.de\/wp-content\/uploads\/2023\/06\/IMG_20230602_170950-300x150.jpg 300w, https:\/\/iso.spdns.de\/wp-content\/uploads\/2023\/06\/IMG_20230602_170950-768x384.jpg 768w, https:\/\/iso.spdns.de\/wp-content\/uploads\/2023\/06\/IMG_20230602_170950-1536x768.jpg 1536w, https:\/\/iso.spdns.de\/wp-content\/uploads\/2023\/06\/IMG_20230602_170950-2048x1024.jpg 2048w, https:\/\/iso.spdns.de\/wp-content\/uploads\/2023\/06\/IMG_20230602_170950-1800x900.jpg 1800w\" sizes=\"auto, (max-width: 1024px) 100vw, 1024px\" \/><\/figure>\n\n\n\n<p>So ist unten vor dem Haus ein Sitzplatz entstanden und ein befestigter Weg f\u00fchrt in den Vorgarten zum Stellplatz des Autos. Es fehlt jetzt noch der Stromanschlu\u00df im Garten, den wir zum Laden des Autos brauchen. Um Kosten zu sparen und eine sehr flexible L\u00f6sung zu bekommen, die auch k\u00fcnftige Ver\u00e4nderungen bei Ladestationen ber\u00fccksichtigen kann, werden zwei Erdkabel an der Mauer entlang gef\u00fchrt, die in einer Stele mit Steckdosen enden. Dazu wurde die Hauswand vom Heizungskeller aus durchbohrt, die Kabel durch die Bohrl\u00f6cher nach au\u00dfen gef\u00fchrt (das dritte Kabel geh\u00f6rt zu einem 1-Wire Temperatursensor, den ich auch im Vorgarten plaziert habe) und anschlie\u00dfend wieder gedichtet.<\/p>\n\n\n\n<figure class=\"wp-block-image aligncenter size-large\"><img loading=\"lazy\" decoding=\"async\" width=\"512\" height=\"1024\" src=\"https:\/\/iso.spdns.de\/wp-content\/uploads\/2023\/06\/IMG_20230602_171114-512x1024.jpg\" alt=\"\" class=\"wp-image-960\" srcset=\"https:\/\/iso.spdns.de\/wp-content\/uploads\/2023\/06\/IMG_20230602_171114-512x1024.jpg 512w, https:\/\/iso.spdns.de\/wp-content\/uploads\/2023\/06\/IMG_20230602_171114-150x300.jpg 150w, https:\/\/iso.spdns.de\/wp-content\/uploads\/2023\/06\/IMG_20230602_171114-768x1536.jpg 768w, https:\/\/iso.spdns.de\/wp-content\/uploads\/2023\/06\/IMG_20230602_171114-1024x2048.jpg 1024w, https:\/\/iso.spdns.de\/wp-content\/uploads\/2023\/06\/IMG_20230602_171114-1800x3600.jpg 1800w, https:\/\/iso.spdns.de\/wp-content\/uploads\/2023\/06\/IMG_20230602_171114-scaled.jpg 1280w\" sizes=\"auto, (max-width: 512px) 100vw, 512px\" \/><\/figure>\n\n\n\n<p>Die Stele habe ich bei ebay gekauft, da ich als Tr\u00e4ger f\u00fcr die Steckdosen gerne eine langlebige L\u00f6sung haben wollte. Granit mit einer zentralen Bohrung schien mir da eine gute Idee und soetwas habe ich nur bei ebay gefunden. Jetzt warten wir auf die Firma f\u00fcr Elektroinstallation, die unser Stromnetz im Keller erweitert, damit auch das Laden des E-Autos k\u00fcnftig etwas einfacher wird, denn bisher haben wir lediglich ein Gartenkabel aus dem Kellerfenster bis in den Vorgarten gelegt, aber das ist auf die Dauer keine sichere L\u00f6sung.<\/p>\n\n\n\n<figure class=\"wp-block-image aligncenter size-large is-resized\"><img loading=\"lazy\" decoding=\"async\" src=\"https:\/\/iso.spdns.de\/wp-content\/uploads\/2023\/06\/IMG_20230602_171029-512x1024.jpg\" alt=\"\" class=\"wp-image-958\" style=\"width:351px;height:699px\" width=\"351\" height=\"699\"\/><\/figure>\n\n\n\n<p>Die alte Kellergarage auf der S\u00fcdseite des Hauses bekommt so eine ganz neue Aufgabe und wird hoffentlich viel mehr genutzt als das fr\u00fcher der Fall war. <\/p>\n\n\n\n<figure class=\"wp-block-image size-large\"><img loading=\"lazy\" decoding=\"async\" width=\"1024\" height=\"512\" src=\"https:\/\/iso.spdns.de\/wp-content\/uploads\/2023\/06\/IMG_20230603_175251-1024x512.jpg\" alt=\"\" class=\"wp-image-963\" srcset=\"https:\/\/iso.spdns.de\/wp-content\/uploads\/2023\/06\/IMG_20230603_175251-1024x512.jpg 1024w, https:\/\/iso.spdns.de\/wp-content\/uploads\/2023\/06\/IMG_20230603_175251-300x150.jpg 300w, https:\/\/iso.spdns.de\/wp-content\/uploads\/2023\/06\/IMG_20230603_175251-768x384.jpg 768w, https:\/\/iso.spdns.de\/wp-content\/uploads\/2023\/06\/IMG_20230603_175251-1536x768.jpg 1536w, https:\/\/iso.spdns.de\/wp-content\/uploads\/2023\/06\/IMG_20230603_175251-2048x1024.jpg 2048w, https:\/\/iso.spdns.de\/wp-content\/uploads\/2023\/06\/IMG_20230603_175251-1800x900.jpg 1800w\" sizes=\"auto, (max-width: 1024px) 100vw, 1024px\" \/><\/figure>\n\n\n\n<p> Nach einigen Wochen mit viel Regen sieht es jetzt schon wieder viel gr\u00fcner aus und wir sind zufrieden mit den Ver\u00e4nderungen, die zwar Zeit, Energie und Geld gekostet haben, aber die S\u00fcdseite des Hauses sehr verbessert haben.<\/p>\n\n\n\n<figure class=\"wp-block-image size-large\"><img loading=\"lazy\" decoding=\"async\" width=\"1024\" height=\"512\" src=\"https:\/\/iso.spdns.de\/wp-content\/uploads\/2023\/08\/IMG_20230819_173514-1024x512.jpg\" alt=\"\" class=\"wp-image-983\" srcset=\"https:\/\/iso.spdns.de\/wp-content\/uploads\/2023\/08\/IMG_20230819_173514-1024x512.jpg 1024w, https:\/\/iso.spdns.de\/wp-content\/uploads\/2023\/08\/IMG_20230819_173514-300x150.jpg 300w, https:\/\/iso.spdns.de\/wp-content\/uploads\/2023\/08\/IMG_20230819_173514-768x384.jpg 768w, https:\/\/iso.spdns.de\/wp-content\/uploads\/2023\/08\/IMG_20230819_173514-1536x768.jpg 1536w, https:\/\/iso.spdns.de\/wp-content\/uploads\/2023\/08\/IMG_20230819_173514-2048x1024.jpg 2048w, https:\/\/iso.spdns.de\/wp-content\/uploads\/2023\/08\/IMG_20230819_173514-1800x900.jpg 1800w\" sizes=\"auto, (max-width: 1024px) 100vw, 1024px\" \/><\/figure>\n","protected":false},"excerpt":{"rendered":"<p>Im Sommer war der provisorische Stellplatz im Vorgarten gut, aber bei nassem Wetter besonders im Winter sah das leider nicht so toll aus. Neben der Umgestaltung der alten Garage haben wir deshalb beschlossen auch den Vorgarten zu ver\u00e4ndern, insbesondere da die linke Trockenmauer nicht mehr standfest war. Im unteren Bild [&#8230;]<\/p>\n","protected":false},"author":1,"featured_media":889,"comment_status":"closed","ping_status":"closed","sticky":true,"template":"","format":"standard","meta":{"footnotes":""},"categories":[11,9],"tags":[],"class_list":["post-136","post","type-post","status-publish","format-standard","has-post-thumbnail","hentry","category-familie","category-goettingen"],"_links":{"self":[{"href":"https:\/\/iso.spdns.de\/index.php?rest_route=\/wp\/v2\/posts\/136","targetHints":{"allow":["GET"]}}],"collection":[{"href":"https:\/\/iso.spdns.de\/index.php?rest_route=\/wp\/v2\/posts"}],"about":[{"href":"https:\/\/iso.spdns.de\/index.php?rest_route=\/wp\/v2\/types\/post"}],"author":[{"embeddable":true,"href":"https:\/\/iso.spdns.de\/index.php?rest_route=\/wp\/v2\/users\/1"}],"replies":[{"embeddable":true,"href":"https:\/\/iso.spdns.de\/index.php?rest_route=%2Fwp%2Fv2%2Fcomments&post=136"}],"version-history":[{"count":26,"href":"https:\/\/iso.spdns.de\/index.php?rest_route=\/wp\/v2\/posts\/136\/revisions"}],"predecessor-version":[{"id":1008,"href":"https:\/\/iso.spdns.de\/index.php?rest_route=\/wp\/v2\/posts\/136\/revisions\/1008"}],"wp:featuredmedia":[{"embeddable":true,"href":"https:\/\/iso.spdns.de\/index.php?rest_route=\/wp\/v2\/media\/889"}],"wp:attachment":[{"href":"https:\/\/iso.spdns.de\/index.php?rest_route=%2Fwp%2Fv2%2Fmedia&parent=136"}],"wp:term":[{"taxonomy":"category","embeddable":true,"href":"https:\/\/iso.spdns.de\/index.php?rest_route=%2Fwp%2Fv2%2Fcategories&post=136"},{"taxonomy":"post_tag","embeddable":true,"href":"https:\/\/iso.spdns.de\/index.php?rest_route=%2Fwp%2Fv2%2Ftags&post=136"}],"curies":[{"name":"wp","href":"https:\/\/api.w.org\/{rel}","templated":true}]}}