{"id":244,"date":"2023-01-06T19:42:33","date_gmt":"2023-01-06T18:42:33","guid":{"rendered":"https:\/\/iso.spdns.de\/?p=244"},"modified":"2023-08-19T22:26:34","modified_gmt":"2023-08-19T20:26:34","slug":"vogelbeobachtung-und-naturschutz","status":"publish","type":"post","link":"https:\/\/iso.spdns.de\/?p=244","title":{"rendered":"Vogelbeobachtung und Naturschutz"},"content":{"rendered":"\n<p>Als Pension\u00e4r habe ich jetzt hoffentlich etwas mehr Zeit f\u00fcr Vogelbeobachtung und andere Aktivit\u00e4ten an der frischen Luft. Der <a rel=\"noreferrer noopener\" href=\"https:\/\/ornithologie-goettingen.de\/\" target=\"_blank\">Arbeitskreis G\u00f6ttinger Ornithologen<\/a>, dem ich beim bauen einer neuen Website geholfen habe, freut sich immer \u00fcber Unterst\u00fctzung und ich bin gerne dabei. Die Feldmark im S\u00fcden von G\u00f6ttingen ist mein Revier, weil ich den Bereich mit dem Rad in 5 Minuten erreichen kann und ich habe dort schon viele sch\u00f6ne Beobachtungen gemacht. Beobachtungen m\u00f6chte man nat\u00fcrlich aus verschiedenen Gr\u00fcnden gern dokumentieren und deshalb schleppe ich meistens ziemlich viel Ausr\u00fcstung mit mir herum.<\/p>\n\n\n\n<figure class=\"wp-block-image aligncenter size-large\"><img loading=\"lazy\" decoding=\"async\" width=\"1024\" height=\"985\" src=\"https:\/\/iso.spdns.de\/wp-content\/uploads\/2023\/01\/graureiherSeptember2013IMGP8924_1-1024x985.jpg\" alt=\"\" class=\"wp-image-249\" srcset=\"https:\/\/iso.spdns.de\/wp-content\/uploads\/2023\/01\/graureiherSeptember2013IMGP8924_1-1024x985.jpg 1024w, https:\/\/iso.spdns.de\/wp-content\/uploads\/2023\/01\/graureiherSeptember2013IMGP8924_1-300x289.jpg 300w, https:\/\/iso.spdns.de\/wp-content\/uploads\/2023\/01\/graureiherSeptember2013IMGP8924_1-768x739.jpg 768w, https:\/\/iso.spdns.de\/wp-content\/uploads\/2023\/01\/graureiherSeptember2013IMGP8924_1-1536x1477.jpg 1536w, https:\/\/iso.spdns.de\/wp-content\/uploads\/2023\/01\/graureiherSeptember2013IMGP8924_1-2048x1969.jpg 2048w, https:\/\/iso.spdns.de\/wp-content\/uploads\/2023\/01\/graureiherSeptember2013IMGP8924_1-1800x1731.jpg 1800w\" sizes=\"auto, (max-width: 1024px) 100vw, 1024px\" \/><figcaption class=\"wp-element-caption\">Graureiher<\/figcaption><\/figure>\n\n\n\n<p>Neben Fernglas und Kameras ist das auch das Handy mit Bestimmungshilfen f\u00fcr V\u00f6gel. Die Bestimmung der V\u00f6gel ist Voraussetzung f\u00fcr Meldungen \u00fcber Auftreten und H\u00e4ufigkeit einer Art im Beobachtungsgebiet und das betrachte ich auch als Aufgabe. Die Meldungen mache ich auf einem Portal mit wissenschaftlicher Unterst\u00fctzung (<a rel=\"noreferrer noopener\" href=\"http:\/\/www.ornitho.de\" target=\"_blank\">ornitho.de<\/a>), denn nur so sind die gesammelten Daten auch sinnvoll f\u00fcr den Natur- und Artenschutz einzusetzen.<\/p>\n\n\n\n<figure class=\"wp-block-image size-large\"><img loading=\"lazy\" decoding=\"async\" width=\"1024\" height=\"612\" src=\"https:\/\/iso.spdns.de\/wp-content\/uploads\/2023\/01\/Schildkroete_im_netz_IMGP6994_01-1024x612.jpg\" alt=\"\" class=\"wp-image-251\" srcset=\"https:\/\/iso.spdns.de\/wp-content\/uploads\/2023\/01\/Schildkroete_im_netz_IMGP6994_01-1024x612.jpg 1024w, https:\/\/iso.spdns.de\/wp-content\/uploads\/2023\/01\/Schildkroete_im_netz_IMGP6994_01-300x179.jpg 300w, https:\/\/iso.spdns.de\/wp-content\/uploads\/2023\/01\/Schildkroete_im_netz_IMGP6994_01-768x459.jpg 768w, https:\/\/iso.spdns.de\/wp-content\/uploads\/2023\/01\/Schildkroete_im_netz_IMGP6994_01-1536x919.jpg 1536w, https:\/\/iso.spdns.de\/wp-content\/uploads\/2023\/01\/Schildkroete_im_netz_IMGP6994_01.jpg 1682w\" sizes=\"auto, (max-width: 1024px) 100vw, 1024px\" \/><figcaption class=\"wp-element-caption\">Gelbbauchschildkr\u00f6te im G\u00f6ttinger Kiessee<\/figcaption><\/figure>\n\n\n\n<p>Bei solch einem Anblick kommt nat\u00fcrlich sofort die Frage, was ist denn das f\u00fcr eine Suppe in der die Schildkr\u00f6te dort liegt. Die Antwort sah bei n\u00e4herer Betrachtung viel sch\u00f6ner aus als man vermuten w\u00fcrde.<\/p>\n\n\n\n<figure class=\"wp-block-image aligncenter size-large is-resized\"><img loading=\"lazy\" decoding=\"async\" src=\"https:\/\/iso.spdns.de\/wp-content\/uploads\/2023\/01\/IMG_20220824_172404-1024x768.jpg\" alt=\"\" class=\"wp-image-276\" style=\"width:620px;height:465px\" width=\"620\" height=\"465\" srcset=\"https:\/\/iso.spdns.de\/wp-content\/uploads\/2023\/01\/IMG_20220824_172404-1024x768.jpg 1024w, https:\/\/iso.spdns.de\/wp-content\/uploads\/2023\/01\/IMG_20220824_172404-300x225.jpg 300w, https:\/\/iso.spdns.de\/wp-content\/uploads\/2023\/01\/IMG_20220824_172404-768x576.jpg 768w, https:\/\/iso.spdns.de\/wp-content\/uploads\/2023\/01\/IMG_20220824_172404-1536x1152.jpg 1536w, https:\/\/iso.spdns.de\/wp-content\/uploads\/2023\/01\/IMG_20220824_172404-2048x1536.jpg 2048w, https:\/\/iso.spdns.de\/wp-content\/uploads\/2023\/01\/IMG_20220824_172404-1800x1350.jpg 1800w\" sizes=\"auto, (max-width: 620px) 100vw, 620px\" \/><figcaption class=\"wp-element-caption\">Hydrodictyon &#8211; Wassernetz (Gr\u00fcnalge)<\/figcaption><\/figure>\n\n\n\n<p>Damit bin ich dann aber auch mit meiner momentanen Ausr\u00fcstung am Ende meiner M\u00f6glichkeiten angelangt. Das Wassernetz habe ich mit dem Handy durch das Okular eines ~60 Jare alten Binokulars aufgenommen und immerhin war das gut genug f\u00fcr eine &#8222;grobe&#8220; Bestimmung. <\/p>\n\n\n\n<p>Aber auch die <a rel=\"noreferrer noopener\" href=\"https:\/\/naturschutz-wietzendorf.srvdns.de\/#\" target=\"_blank\">Naturschutzgruppe-Wietzendorf e.V.<\/a> war sehr froh \u00fcber Hilfe bei der EDV, denn ohne ansprechenden Auftritt im Internet kommt kaum ein Verein aus.<\/p>\n\n\n\n<figure class=\"wp-block-image aligncenter size-full\"><img loading=\"lazy\" decoding=\"async\" width=\"437\" height=\"400\" src=\"https:\/\/iso.spdns.de\/wp-content\/uploads\/2023\/01\/Eichelh_her_Kirschbaum3_001.jpeg.jpg\" alt=\"\" class=\"wp-image-253\" srcset=\"https:\/\/iso.spdns.de\/wp-content\/uploads\/2023\/01\/Eichelh_her_Kirschbaum3_001.jpeg.jpg 437w, https:\/\/iso.spdns.de\/wp-content\/uploads\/2023\/01\/Eichelh_her_Kirschbaum3_001.jpeg-300x275.jpg 300w\" sizes=\"auto, (max-width: 437px) 100vw, 437px\" \/><figcaption class=\"wp-element-caption\">Eichelh\u00e4her<\/figcaption><\/figure>\n\n\n\n<p>Beobachtungen m\u00f6chte man nat\u00fcrlich aus verschiedenen Gr\u00fcnden oft gern dokumentieren. Deshalb schleppe ich meistens ziemlich viel Ausr\u00fcstung mit mir herum. Neben Fernglas und Kameras ist das auch das Handy mit Bestimmungshilfen f\u00fcr V\u00f6gel.<\/p>\n\n\n\n<figure class=\"wp-block-image aligncenter size-large is-resized\"><img loading=\"lazy\" decoding=\"async\" src=\"https:\/\/iso.spdns.de\/wp-content\/uploads\/2023\/01\/IMG_20230106_193100-1024x773.jpg\" alt=\"\" class=\"wp-image-255\" style=\"width:627px;height:473px\" width=\"627\" height=\"473\" srcset=\"https:\/\/iso.spdns.de\/wp-content\/uploads\/2023\/01\/IMG_20230106_193100-1024x773.jpg 1024w, https:\/\/iso.spdns.de\/wp-content\/uploads\/2023\/01\/IMG_20230106_193100-300x226.jpg 300w, https:\/\/iso.spdns.de\/wp-content\/uploads\/2023\/01\/IMG_20230106_193100-768x580.jpg 768w, https:\/\/iso.spdns.de\/wp-content\/uploads\/2023\/01\/IMG_20230106_193100-1536x1159.jpg 1536w, https:\/\/iso.spdns.de\/wp-content\/uploads\/2023\/01\/IMG_20230106_193100-2048x1546.jpg 2048w, https:\/\/iso.spdns.de\/wp-content\/uploads\/2023\/01\/IMG_20230106_193100-1800x1358.jpg 1800w\" sizes=\"auto, (max-width: 627px) 100vw, 627px\" \/><figcaption class=\"wp-element-caption\">Das Handy f\u00fcr die EDV-Unterst\u00fctzung im Feld geh\u00f6rt nat\u00fcrlich inzwischen auch zur Ausr\u00fcstung<\/figcaption><\/figure>\n\n\n\n<p>Leider ist nicht alles so leicht zu transportieren wie ein Mobiltelefon. Kameras, Ferngl\u00e4ser, Spektiv und Stativ sind unhandlich und ich hab schon auf dem Fahrrad M\u00fche alles mitzubekommen.<\/p>\n\n\n\n<figure class=\"wp-block-image size-large\"><img loading=\"lazy\" decoding=\"async\" width=\"1024\" height=\"610\" src=\"https:\/\/iso.spdns.de\/wp-content\/uploads\/2023\/01\/novoflexar-1024x610.jpg\" alt=\"\" class=\"wp-image-258\" srcset=\"https:\/\/iso.spdns.de\/wp-content\/uploads\/2023\/01\/novoflexar-1024x610.jpg 1024w, https:\/\/iso.spdns.de\/wp-content\/uploads\/2023\/01\/novoflexar-300x179.jpg 300w, https:\/\/iso.spdns.de\/wp-content\/uploads\/2023\/01\/novoflexar-768x458.jpg 768w, https:\/\/iso.spdns.de\/wp-content\/uploads\/2023\/01\/novoflexar-1536x916.jpg 1536w, https:\/\/iso.spdns.de\/wp-content\/uploads\/2023\/01\/novoflexar-2048x1221.jpg 2048w, https:\/\/iso.spdns.de\/wp-content\/uploads\/2023\/01\/novoflexar-1800x1073.jpg 1800w\" sizes=\"auto, (max-width: 1024px) 100vw, 1024px\" \/><figcaption class=\"wp-element-caption\">Novoflex Schnellschu\u00dfobjektiv mit Leica Objektivkopf (~840 mm Festbrennweite &#8211; leider nur manuell zu verwenden) mit Pentax SLR Geh\u00e4use &amp; kleine Pentax SLR <\/figcaption><\/figure>\n\n\n\n<p> Das Fernglas hat einen hohen Stellenwert und &#8222;mu\u00df&#8220; immer mit dabei sein. Ich habe da auch schon einige(s) ausprobiert, bin dann aber letztlich bei Zeiss gelandet. Da mir die Preise der Premium Anbieter allerdings nicht so zusagen, warte ich bis ich ein gutes Glas auf dem Gebrauchtmarkt entdecke. Wenn man die M\u00f6glichkeit hat das gute St\u00fcck vor dem Kauf zu testen, ist das Risiko beim Gebrauchtkauf solcher optischer Ger\u00e4te nicht so gro\u00df, wenn man sich etwas auskennt.<\/p>\n\n\n\n<figure class=\"wp-block-image aligncenter size-large is-resized\"><img decoding=\"async\" src=\"https:\/\/iso.spdns.de\/wp-content\/uploads\/2023\/01\/IMG_20230106_205941_edit_16353674632920-1024x657.jpg\" alt=\"\" class=\"wp-image-269\" style=\"width:-164px;height:-104px\" width=\"-164\" height=\"-104\" srcset=\"https:\/\/iso.spdns.de\/wp-content\/uploads\/2023\/01\/IMG_20230106_205941_edit_16353674632920-1024x657.jpg 1024w, https:\/\/iso.spdns.de\/wp-content\/uploads\/2023\/01\/IMG_20230106_205941_edit_16353674632920-300x192.jpg 300w, https:\/\/iso.spdns.de\/wp-content\/uploads\/2023\/01\/IMG_20230106_205941_edit_16353674632920-768x493.jpg 768w, https:\/\/iso.spdns.de\/wp-content\/uploads\/2023\/01\/IMG_20230106_205941_edit_16353674632920-1536x985.jpg 1536w, https:\/\/iso.spdns.de\/wp-content\/uploads\/2023\/01\/IMG_20230106_205941_edit_16353674632920-2048x1314.jpg 2048w, https:\/\/iso.spdns.de\/wp-content\/uploads\/2023\/01\/IMG_20230106_205941_edit_16353674632920-1800x1155.jpg 1800w\" sizes=\"(max-width: 1024px) 100vw, 1024px\" \/><figcaption class=\"wp-element-caption\">Zeiss Victory FL 10&#215;56 &#8211; Nur das Gewicht ist gew\u00f6hnungsbed\u00fcrftig \ud83d\ude41<\/figcaption><\/figure>\n\n\n\n<p>F\u00fcr Beobachtungen bei gro\u00dfer Entfernung, wie dies bei der Beobachtung von  Watv\u00f6geln unvermeidbar ist, kommt man ohne Spektiv und Stativ nicht aus. Meopta ist da preisleistungsm\u00e4\u00dfig f\u00fcr mich eine sehr gute Wahl.<\/p>\n\n\n\n<figure class=\"wp-block-image aligncenter size-large is-resized\"><img loading=\"lazy\" decoding=\"async\" src=\"https:\/\/iso.spdns.de\/wp-content\/uploads\/2023\/01\/IMG_20230106_205605-scaled-e1673035794463-1024x497.jpg\" alt=\"\" class=\"wp-image-272\" style=\"width:579px;height:280px\" width=\"579\" height=\"280\" srcset=\"https:\/\/iso.spdns.de\/wp-content\/uploads\/2023\/01\/IMG_20230106_205605-scaled-e1673035794463-1024x497.jpg 1024w, https:\/\/iso.spdns.de\/wp-content\/uploads\/2023\/01\/IMG_20230106_205605-scaled-e1673035794463-300x146.jpg 300w, https:\/\/iso.spdns.de\/wp-content\/uploads\/2023\/01\/IMG_20230106_205605-scaled-e1673035794463-768x373.jpg 768w, https:\/\/iso.spdns.de\/wp-content\/uploads\/2023\/01\/IMG_20230106_205605-scaled-e1673035794463-1536x745.jpg 1536w, https:\/\/iso.spdns.de\/wp-content\/uploads\/2023\/01\/IMG_20230106_205605-scaled-e1673035794463-1800x873.jpg 1800w, https:\/\/iso.spdns.de\/wp-content\/uploads\/2023\/01\/IMG_20230106_205605-scaled-e1673035794463.jpg 1964w\" sizes=\"auto, (max-width: 579px) 100vw, 579px\" \/><figcaption class=\"wp-element-caption\">Meopta mit 20-60x Zoom-Okular auf einem sehr schweren Stativ von Manfrotto<\/figcaption><\/figure>\n\n\n\n<figure class=\"wp-block-image size-large\"><img loading=\"lazy\" decoding=\"async\" width=\"1024\" height=\"599\" src=\"https:\/\/iso.spdns.de\/wp-content\/uploads\/2023\/01\/eisvogel_s-1024x599.jpg\" alt=\"Eisvogel auf dem Gel\u00e4nder des Fl\u00fcthewehrs\" class=\"wp-image-404\" srcset=\"https:\/\/iso.spdns.de\/wp-content\/uploads\/2023\/01\/eisvogel_s-1024x599.jpg 1024w, https:\/\/iso.spdns.de\/wp-content\/uploads\/2023\/01\/eisvogel_s-300x175.jpg 300w, https:\/\/iso.spdns.de\/wp-content\/uploads\/2023\/01\/eisvogel_s-768x449.jpg 768w, https:\/\/iso.spdns.de\/wp-content\/uploads\/2023\/01\/eisvogel_s.jpg 1098w\" sizes=\"auto, (max-width: 1024px) 100vw, 1024px\" \/><figcaption class=\"wp-element-caption\">Eisvogel<\/figcaption><\/figure>\n","protected":false},"excerpt":{"rendered":"<p>Als Pension\u00e4r habe ich jetzt hoffentlich etwas mehr Zeit f\u00fcr Vogelbeobachtung und andere Aktivit\u00e4ten an der frischen Luft. Der Arbeitskreis G\u00f6ttinger Ornithologen, dem ich beim bauen einer neuen Website geholfen habe, freut sich immer \u00fcber Unterst\u00fctzung und ich bin gerne dabei. Die Feldmark im S\u00fcden von G\u00f6ttingen ist mein Revier, [&#8230;]<\/p>\n","protected":false},"author":1,"featured_media":404,"comment_status":"closed","ping_status":"open","sticky":false,"template":"","format":"standard","meta":{"footnotes":""},"categories":[8,7,6],"tags":[],"class_list":["post-244","post","type-post","status-publish","format-standard","has-post-thumbnail","hentry","category-foto","category-natur","category-technik"],"_links":{"self":[{"href":"https:\/\/iso.spdns.de\/index.php?rest_route=\/wp\/v2\/posts\/244","targetHints":{"allow":["GET"]}}],"collection":[{"href":"https:\/\/iso.spdns.de\/index.php?rest_route=\/wp\/v2\/posts"}],"about":[{"href":"https:\/\/iso.spdns.de\/index.php?rest_route=\/wp\/v2\/types\/post"}],"author":[{"embeddable":true,"href":"https:\/\/iso.spdns.de\/index.php?rest_route=\/wp\/v2\/users\/1"}],"replies":[{"embeddable":true,"href":"https:\/\/iso.spdns.de\/index.php?rest_route=%2Fwp%2Fv2%2Fcomments&post=244"}],"version-history":[{"count":32,"href":"https:\/\/iso.spdns.de\/index.php?rest_route=\/wp\/v2\/posts\/244\/revisions"}],"predecessor-version":[{"id":1000,"href":"https:\/\/iso.spdns.de\/index.php?rest_route=\/wp\/v2\/posts\/244\/revisions\/1000"}],"wp:featuredmedia":[{"embeddable":true,"href":"https:\/\/iso.spdns.de\/index.php?rest_route=\/wp\/v2\/media\/404"}],"wp:attachment":[{"href":"https:\/\/iso.spdns.de\/index.php?rest_route=%2Fwp%2Fv2%2Fmedia&parent=244"}],"wp:term":[{"taxonomy":"category","embeddable":true,"href":"https:\/\/iso.spdns.de\/index.php?rest_route=%2Fwp%2Fv2%2Fcategories&post=244"},{"taxonomy":"post_tag","embeddable":true,"href":"https:\/\/iso.spdns.de\/index.php?rest_route=%2Fwp%2Fv2%2Ftags&post=244"}],"curies":[{"name":"wp","href":"https:\/\/api.w.org\/{rel}","templated":true}]}}