{"id":71,"date":"2022-12-20T19:31:19","date_gmt":"2022-12-20T18:31:19","guid":{"rendered":"https:\/\/iso.spdns.de\/?p=71"},"modified":"2023-12-05T20:20:28","modified_gmt":"2023-12-05T19:20:28","slug":"eine-neue-generation","status":"publish","type":"post","link":"https:\/\/iso.spdns.de\/?p=71","title":{"rendered":"Eine neue Generation"},"content":{"rendered":"<figure class=\"wp-block-post-featured-image\"><img loading=\"lazy\" decoding=\"async\" width=\"720\" height=\"887\" src=\"https:\/\/iso.spdns.de\/wp-content\/uploads\/2022\/12\/IMG-20220903-WA0000-1-e1671556337685.jpg\" class=\"attachment-post-thumbnail size-post-thumbnail wp-post-image\" alt=\"\" style=\"object-fit:cover;\" srcset=\"https:\/\/iso.spdns.de\/wp-content\/uploads\/2022\/12\/IMG-20220903-WA0000-1-e1671556337685.jpg 720w, https:\/\/iso.spdns.de\/wp-content\/uploads\/2022\/12\/IMG-20220903-WA0000-1-e1671556337685-244x300.jpg 244w\" sizes=\"auto, (max-width: 720px) 100vw, 720px\" \/><\/figure>\n\n\n<p>Kathi und Danyar haben einen kleinen Sohn bekommen, der uns allen schon viel Freude gemacht hat. <\/p>\n\n\n\n<figure class=\"wp-block-image size-large\"><img loading=\"lazy\" decoding=\"async\" width=\"1024\" height=\"472\" src=\"https:\/\/iso.spdns.de\/wp-content\/uploads\/2022\/12\/IMG-20221124-WA0002-1024x472.jpg\" alt=\"\" class=\"wp-image-38\" srcset=\"https:\/\/iso.spdns.de\/wp-content\/uploads\/2022\/12\/IMG-20221124-WA0002-1024x472.jpg 1024w, https:\/\/iso.spdns.de\/wp-content\/uploads\/2022\/12\/IMG-20221124-WA0002-300x138.jpg 300w, https:\/\/iso.spdns.de\/wp-content\/uploads\/2022\/12\/IMG-20221124-WA0002-768x354.jpg 768w, https:\/\/iso.spdns.de\/wp-content\/uploads\/2022\/12\/IMG-20221124-WA0002.jpg 1280w\" sizes=\"auto, (max-width: 1024px) 100vw, 1024px\" \/><figcaption class=\"wp-element-caption\">Kathi , Danyar und Arvin<\/figcaption><\/figure>\n\n\n\n<p>Arvin wurde am 09.02.2022 geboren und hat seine Eltern schon ganz gut im Griff. Da Danyars Eltern momentan bedingt durch die schwierige Lage in ihrer Heimat im Iran ihren kleinen Enkel noch nicht erleben konnten, m\u00fcssen wir nat\u00fcrlich den kleinen Goldschatz ganz besonders verw\u00f6hnen. Onkel Daniel und Danyars Schwestern helfen dabei nat\u00fcrlich auch gern, wenn sich die Chance bietet.<\/p>\n\n\n\n<figure class=\"wp-block-image size-large\"><img loading=\"lazy\" decoding=\"async\" width=\"1024\" height=\"768\" src=\"https:\/\/iso.spdns.de\/wp-content\/uploads\/2022\/12\/IMG-20220801-WA0004-1024x768.jpg\" alt=\"\" class=\"wp-image-33\" srcset=\"https:\/\/iso.spdns.de\/wp-content\/uploads\/2022\/12\/IMG-20220801-WA0004-1024x768.jpg 1024w, https:\/\/iso.spdns.de\/wp-content\/uploads\/2022\/12\/IMG-20220801-WA0004-300x225.jpg 300w, https:\/\/iso.spdns.de\/wp-content\/uploads\/2022\/12\/IMG-20220801-WA0004-768x576.jpg 768w, https:\/\/iso.spdns.de\/wp-content\/uploads\/2022\/12\/IMG-20220801-WA0004-1536x1152.jpg 1536w, https:\/\/iso.spdns.de\/wp-content\/uploads\/2022\/12\/IMG-20220801-WA0004.jpg 1984w\" sizes=\"auto, (max-width: 1024px) 100vw, 1024px\" \/><figcaption class=\"wp-element-caption\">Daniel, Arvin und Kathi<\/figcaption><\/figure>\n\n\n\n<p>Alle schauen gespannt auf die Situation im Iran und hoffen, dass dort bald die lange ersehnte Freiheit erk\u00e4mpft werden kann.<\/p>\n\n\n\n<figure class=\"wp-block-image aligncenter size-large is-resized\"><img loading=\"lazy\" decoding=\"async\" src=\"https:\/\/iso.spdns.de\/wp-content\/uploads\/2023\/01\/IMG_20221230_161243-512x1024.jpg\" alt=\"\" class=\"wp-image-301\" width=\"507\" height=\"1013\"\/><\/figure>\n\n\n\n<p>Langsam kann Opa auch schon mal daran denken mit Arvin eine kleine Tour zu machen.<\/p>\n\n\n\n<figure class=\"wp-block-image aligncenter size-large\"><img loading=\"lazy\" decoding=\"async\" width=\"512\" height=\"1024\" src=\"https:\/\/iso.spdns.de\/wp-content\/uploads\/2023\/03\/IMG_20230311_171550-512x1024.jpg\" alt=\"\" class=\"wp-image-906\" srcset=\"https:\/\/iso.spdns.de\/wp-content\/uploads\/2023\/03\/IMG_20230311_171550-512x1024.jpg 512w, https:\/\/iso.spdns.de\/wp-content\/uploads\/2023\/03\/IMG_20230311_171550-150x300.jpg 150w, https:\/\/iso.spdns.de\/wp-content\/uploads\/2023\/03\/IMG_20230311_171550-768x1536.jpg 768w, https:\/\/iso.spdns.de\/wp-content\/uploads\/2023\/03\/IMG_20230311_171550-1024x2048.jpg 1024w, https:\/\/iso.spdns.de\/wp-content\/uploads\/2023\/03\/IMG_20230311_171550-1800x3600.jpg 1800w, https:\/\/iso.spdns.de\/wp-content\/uploads\/2023\/03\/IMG_20230311_171550-scaled.jpg 1280w\" sizes=\"auto, (max-width: 512px) 100vw, 512px\" \/><\/figure>\n","protected":false},"excerpt":{"rendered":"<p>Kathi und Danyar haben einen kleinen Sohn bekommen, der uns allen schon viel Freude gemacht hat. Arvin wurde am 09.02.2022 geboren und hat seine Eltern schon ganz gut im Griff. Da Danyars Eltern momentan bedingt durch die schwierige Lage in ihrer Heimat im Iran ihren kleinen Enkel noch nicht erleben [&#8230;]<\/p>\n","protected":false},"author":1,"featured_media":19,"comment_status":"closed","ping_status":"closed","sticky":false,"template":"","format":"standard","meta":{"footnotes":""},"categories":[11],"tags":[],"class_list":["post-71","post","type-post","status-publish","format-standard","has-post-thumbnail","hentry","category-familie"],"_links":{"self":[{"href":"https:\/\/iso.spdns.de\/index.php?rest_route=\/wp\/v2\/posts\/71","targetHints":{"allow":["GET"]}}],"collection":[{"href":"https:\/\/iso.spdns.de\/index.php?rest_route=\/wp\/v2\/posts"}],"about":[{"href":"https:\/\/iso.spdns.de\/index.php?rest_route=\/wp\/v2\/types\/post"}],"author":[{"embeddable":true,"href":"https:\/\/iso.spdns.de\/index.php?rest_route=\/wp\/v2\/users\/1"}],"replies":[{"embeddable":true,"href":"https:\/\/iso.spdns.de\/index.php?rest_route=%2Fwp%2Fv2%2Fcomments&post=71"}],"version-history":[{"count":14,"href":"https:\/\/iso.spdns.de\/index.php?rest_route=\/wp\/v2\/posts\/71\/revisions"}],"predecessor-version":[{"id":908,"href":"https:\/\/iso.spdns.de\/index.php?rest_route=\/wp\/v2\/posts\/71\/revisions\/908"}],"wp:featuredmedia":[{"embeddable":true,"href":"https:\/\/iso.spdns.de\/index.php?rest_route=\/wp\/v2\/media\/19"}],"wp:attachment":[{"href":"https:\/\/iso.spdns.de\/index.php?rest_route=%2Fwp%2Fv2%2Fmedia&parent=71"}],"wp:term":[{"taxonomy":"category","embeddable":true,"href":"https:\/\/iso.spdns.de\/index.php?rest_route=%2Fwp%2Fv2%2Fcategories&post=71"},{"taxonomy":"post_tag","embeddable":true,"href":"https:\/\/iso.spdns.de\/index.php?rest_route=%2Fwp%2Fv2%2Ftags&post=71"}],"curies":[{"name":"wp","href":"https:\/\/api.w.org\/{rel}","templated":true}]}}